{"id":549,"date":"2011-07-16T17:28:29","date_gmt":"2011-07-16T15:28:29","guid":{"rendered":"https:\/\/www.lautredou.com\/?p=549"},"modified":"2020-04-18T11:28:40","modified_gmt":"2020-04-18T09:28:40","slug":"interview-lautredou-peintre","status":"publish","type":"post","link":"https:\/\/www.lautredou.com\/en\/interview-lautredou-peintre\/","title":{"rendered":"Interview in Canada"},"content":{"rendered":"<h1>THE MAGICAL WORDS OF JEAN-YVES LAUTREDOU!<\/h1>\n<p>\"As young children, we were all 'artists', but then education and culture formatted us and a house had to look like a house, classical music being the only 'real' music, etc... How lucky we were to have rebelled and kept that childlike soul capable of inventing 'magical' worlds out of nothing!<\/p>\n<p><strong>1\/ What does art mean to you?<\/strong><br \/>\n- Art allows us to explore and discover what we are not aware of, to penetrate our intimate, invisible and unknown spaces.<br \/>\n- Art has a duty to build a bridge between the present and the future, and to soothe our anxieties through the love that radiates from it.<br \/>\n- Art allows me to visualise my parallel world, the colourful poetry of the human being without language barriers. It is the most formidable means of communication because it is universal.<\/p>\n<p><strong>2\/ What inspires you?<\/strong><br \/>\n- If it's not \"Life\", I don't see it!<br \/>\n- For my part, I wouldn't talk about inspiration, but rather about the search for a form of inner rest that leads to the need to paint.<\/p>\n<p><strong>3\/ When you create, where does it take you? Where does your mind travel?<\/strong><br \/>\n- I arrive totally \"empty\" in front of the canvas to capture my unknown self and accept without restriction that it takes possession of the brushes. \"I see when I paint, but I paint blind\".<br \/>\n- I enter the space of the canvas with carefree abandon, letting myself be guided by the intense joy of creation, and very quickly immerse myself in a soothing jumble of colours - it's an almost schizophrenic sensation, but a delicious one!<br \/>\n- I welcome the painting, it flows through me, is experienced by my body and my mind, then stratifies within me and becomes part of who I am. The heady rush of creation only ends when my \"visible self\" returns.<br \/>\nThe end result is of little importance to me, only the moment of creation.<\/p>\n<p><strong>4\/ Do you think there is a link between the visual arts, music and health?<\/strong><br \/>\n- Of course, the visual arts, music, etc... are the nourishment of the soul; there can be no healthy body without a healthy, well-nourished mind!<br \/>\n\u2013 Since the dawn of time, art has been a way of conversing with the gods. It is necessary because life is not enough!<\/p>\n<p><strong>5\/ You may have already answered this question, but how do you feel when you paint?<\/strong><br \/>\n- In a state of exalted schizophrenia and then in a state of rest and lightness.<br \/>\n- I'm totally disconnected from the present and the world around me.<\/p>\n<p><strong>6\/ Do you identify with your subjects, and if so, at what level?<\/strong><br \/>\n\u2013 You cannot identify with something you discover. I feel like an archaeologist conducting an internal excavation. It belongs to me and is inside me, but I do not identify with my painting... it's ambiguous!<\/p>\n<p><strong>7\/ When do you do your best work?<\/strong><br \/>\n- Through painting I achieve 'inner rest' (which saves me going to psychologists!!!!),<br \/>\n\u2013 I wait for the moment when my mind really needs it. What's more, there's no such thing as a good or bad painting, only finished or unfinished paintings. And to take it even further, a good painting is a painting that's been sold!<\/p>\n<p><strong>8\/ Does painting help you to \u00abconnect\u00bb with your higher self?<\/strong><br \/>\n- With the various 'extreme sports' that I have, or do, the answer is yes.<br \/>\n- Painting gives me the impression of entering the infinitely small or large, a sort of step into the fourth dimension.<br \/>\nJean-Yves, merci encore, thank you once again, you have shared so much, it is truly an honour and a privilege to have worked with you. Until our paths cross again, be blessed!<\/p>\n<!--themify_builder_content-->\n<div id=\"themify_builder_content-549\" data-postid=\"549\" class=\"themify_builder_content themify_builder_content-549 themify_builder tf_clear\">\n                    <div  data-lazy=\"1\" class=\"module_row themify_builder_row tb_p4gl784 tb_first tf_w\">\n                        <div class=\"row_inner col_align_top tb_col_count_1 tf_box tf_rel\">\n                        <div  data-lazy=\"1\" class=\"module_column tb-column col-full tb_moj3784 first\">\n                    <!-- module buttons -->\n<div  class=\"module module-buttons tb_r531938 buttons-horizontal solid  circle\" data-lazy=\"1\">\n        <div class=\"module-buttons-item tf_in_flx\">\n                        <a href=\"http:\/\/www.michele-andree-unblugged.com\/jean-yves-lautredous-magical-worlds\" class=\"ui builder_button tf_in_flx black\" target=\"_blank\" rel=\"noopener\">\n                                                Read the original article here                                        <\/a>\n                <\/div>\n            <\/div>\n<!-- \/module buttons -->\n        <\/div>\n                        <\/div>\n        <\/div>\n        <\/div>\n<!--\/themify_builder_content-->","protected":false},"excerpt":{"rendered":"<p>LES MOTS MAGIQUES DE JEAN-YVES LAUTREDOU&nbsp;! \u201cJeunes enfants, nous \u00e9tions tous des \u201cartistes\u201d, mais voil\u00e0, l\u2019\u00e9ducation et la culture nous ont format\u00e9s et une maison a d\u00fb ressembler \u00e0 une maison, le classique \u00e9tant la seul seule \u201cvraie\u201d musique, etc\u2026 Quelle chance d\u2019avoir \u00e9t\u00e9 rebelle et conserv\u00e9 cette \u00e2me d\u2019enfant capable d\u2019inventer, en s\u2019amusant, des [&hellip;]<\/p>\n","protected":false},"author":1,"featured_media":0,"comment_status":"open","ping_status":"open","sticky":false,"template":"","format":"standard","meta":{"_monsterinsights_skip_tracking":false,"_monsterinsights_sitenote_active":false,"_monsterinsights_sitenote_note":"","_monsterinsights_sitenote_category":0,"footnotes":""},"categories":[15,14],"tags":[],"class_list":["post-549","post","type-post","status-publish","format-standard","hentry","category-actualite","category-interviews","has-post-title","has-post-date","has-post-category","has-post-tag","has-post-comment","has-post-author",""],"yoast_head":"<!-- This site is optimized with the Yoast SEO plugin v27.5 - https:\/\/yoast.com\/product\/yoast-seo-wordpress\/ -->\n<title>Interview au Canada - LAUTR\u00e9DOU - Artiste peintre, peinture asbtraite<\/title>\n<meta name=\"description\" content=\"D\u00e9couvrez Jean-Yves LAUTR\u00e9DOU, artiste peintre, \u00e0 travers une interview introspective r\u00e9alis\u00e9e par Michele Andree en 2011, au Canada.\" \/>\n<meta name=\"robots\" content=\"index, follow, max-snippet:-1, max-image-preview:large, max-video-preview:-1\" \/>\n<link rel=\"canonical\" href=\"https:\/\/www.lautredou.com\/en\/interview-lautredou-peintre\/\" \/>\n<meta property=\"og:locale\" content=\"en_GB\" \/>\n<meta property=\"og:type\" content=\"article\" \/>\n<meta property=\"og:title\" content=\"Interview au Canada - LAUTR\u00e9DOU - Artiste peintre, peinture asbtraite\" \/>\n<meta property=\"og:description\" content=\"D\u00e9couvrez Jean-Yves LAUTR\u00e9DOU, artiste peintre, \u00e0 travers une interview introspective r\u00e9alis\u00e9e par Michele Andree en 2011, au Canada.\" \/>\n<meta property=\"og:url\" content=\"https:\/\/www.lautredou.com\/en\/interview-lautredou-peintre\/\" \/>\n<meta property=\"og:site_name\" content=\"LAUTR\u00e9DOU Jean-Yves\" \/>\n<meta property=\"article:published_time\" content=\"2011-07-16T15:28:29+00:00\" \/>\n<meta property=\"article:modified_time\" content=\"2020-04-18T09:28:40+00:00\" \/>\n<meta property=\"og:image\" content=\"https:\/\/www.lautredou.com\/wp-content\/uploads\/2020\/04\/lautredou-interview-canada.jpg\" \/>\n\t<meta property=\"og:image:width\" content=\"280\" \/>\n\t<meta property=\"og:image:height\" content=\"280\" \/>\n\t<meta property=\"og:image:type\" content=\"image\/jpeg\" \/>\n<meta name=\"author\" content=\"Maszewski\" \/>\n<meta name=\"twitter:card\" content=\"summary_large_image\" \/>\n<meta name=\"twitter:label1\" content=\"Written by\" \/>\n\t<meta name=\"twitter:data1\" content=\"Maszewski\" \/>\n\t<meta name=\"twitter:label2\" content=\"Estimated reading time\" \/>\n\t<meta name=\"twitter:data2\" content=\"4 minutes\" \/>\n<script type=\"application\/ld+json\" class=\"yoast-schema-graph\">{\"@context\":\"https:\\\/\\\/schema.org\",\"@graph\":[{\"@type\":\"Article\",\"@id\":\"https:\\\/\\\/www.lautredou.com\\\/interview-lautredou-peintre\\\/#article\",\"isPartOf\":{\"@id\":\"https:\\\/\\\/www.lautredou.com\\\/interview-lautredou-peintre\\\/\"},\"author\":{\"name\":\"Maszewski\",\"@id\":\"https:\\\/\\\/www.lautredou.com\\\/#\\\/schema\\\/person\\\/7a8649afbec73fa5d9667876127f92dc\"},\"headline\":\"Interview au Canada\",\"datePublished\":\"2011-07-16T15:28:29+00:00\",\"dateModified\":\"2020-04-18T09:28:40+00:00\",\"mainEntityOfPage\":{\"@id\":\"https:\\\/\\\/www.lautredou.com\\\/interview-lautredou-peintre\\\/\"},\"wordCount\":714,\"commentCount\":0,\"articleSection\":[\"Actualit\u00e9\",\"Interviews\"],\"inLanguage\":\"en-GB\",\"potentialAction\":[{\"@type\":\"CommentAction\",\"name\":\"Comment\",\"target\":[\"https:\\\/\\\/www.lautredou.com\\\/interview-lautredou-peintre\\\/#respond\"]}]},{\"@type\":\"WebPage\",\"@id\":\"https:\\\/\\\/www.lautredou.com\\\/interview-lautredou-peintre\\\/\",\"url\":\"https:\\\/\\\/www.lautredou.com\\\/interview-lautredou-peintre\\\/\",\"name\":\"Interview au Canada - LAUTR\u00e9DOU - Artiste peintre, peinture asbtraite\",\"isPartOf\":{\"@id\":\"https:\\\/\\\/www.lautredou.com\\\/#website\"},\"datePublished\":\"2011-07-16T15:28:29+00:00\",\"dateModified\":\"2020-04-18T09:28:40+00:00\",\"author\":{\"@id\":\"https:\\\/\\\/www.lautredou.com\\\/#\\\/schema\\\/person\\\/7a8649afbec73fa5d9667876127f92dc\"},\"description\":\"D\u00e9couvrez Jean-Yves LAUTR\u00e9DOU, artiste peintre, \u00e0 travers une interview introspective r\u00e9alis\u00e9e par Michele Andree en 2011, au Canada.\",\"breadcrumb\":{\"@id\":\"https:\\\/\\\/www.lautredou.com\\\/interview-lautredou-peintre\\\/#breadcrumb\"},\"inLanguage\":\"en-GB\",\"potentialAction\":[{\"@type\":\"ReadAction\",\"target\":[\"https:\\\/\\\/www.lautredou.com\\\/interview-lautredou-peintre\\\/\"]}]},{\"@type\":\"BreadcrumbList\",\"@id\":\"https:\\\/\\\/www.lautredou.com\\\/interview-lautredou-peintre\\\/#breadcrumb\",\"itemListElement\":[{\"@type\":\"ListItem\",\"position\":1,\"name\":\"Accueil\",\"item\":\"https:\\\/\\\/www.lautredou.com\\\/\"},{\"@type\":\"ListItem\",\"position\":2,\"name\":\"Interview au Canada\"}]},{\"@type\":\"WebSite\",\"@id\":\"https:\\\/\\\/www.lautredou.com\\\/#website\",\"url\":\"https:\\\/\\\/www.lautredou.com\\\/\",\"name\":\"LAUTR\u00e9DOU Jean-Yves\",\"description\":\"Artiste peintre\",\"potentialAction\":[{\"@type\":\"SearchAction\",\"target\":{\"@type\":\"EntryPoint\",\"urlTemplate\":\"https:\\\/\\\/www.lautredou.com\\\/?s={search_term_string}\"},\"query-input\":{\"@type\":\"PropertyValueSpecification\",\"valueRequired\":true,\"valueName\":\"search_term_string\"}}],\"inLanguage\":\"en-GB\"},{\"@type\":\"Person\",\"@id\":\"https:\\\/\\\/www.lautredou.com\\\/#\\\/schema\\\/person\\\/7a8649afbec73fa5d9667876127f92dc\",\"name\":\"Maszewski\",\"image\":{\"@type\":\"ImageObject\",\"inLanguage\":\"en-GB\",\"@id\":\"https:\\\/\\\/secure.gravatar.com\\\/avatar\\\/1689cc65926f21191ed19f81f8627873d6adce09bf58bffa3ca3e0b9a364ca91?s=96&d=mm&r=g\",\"url\":\"https:\\\/\\\/secure.gravatar.com\\\/avatar\\\/1689cc65926f21191ed19f81f8627873d6adce09bf58bffa3ca3e0b9a364ca91?s=96&d=mm&r=g\",\"contentUrl\":\"https:\\\/\\\/secure.gravatar.com\\\/avatar\\\/1689cc65926f21191ed19f81f8627873d6adce09bf58bffa3ca3e0b9a364ca91?s=96&d=mm&r=g\",\"caption\":\"Maszewski\"},\"url\":\"https:\\\/\\\/www.lautredou.com\\\/en\\\/author\\\/ddm3\\\/\"}]}<\/script>\n<!-- \/ Yoast SEO plugin. -->","yoast_head_json":{"title":"Interview au Canada - LAUTR\u00e9DOU - Artiste peintre, peinture asbtraite","description":"D\u00e9couvrez Jean-Yves LAUTR\u00e9DOU, artiste peintre, \u00e0 travers une interview introspective r\u00e9alis\u00e9e par Michele Andree en 2011, au Canada.","robots":{"index":"index","follow":"follow","max-snippet":"max-snippet:-1","max-image-preview":"max-image-preview:large","max-video-preview":"max-video-preview:-1"},"canonical":"https:\/\/www.lautredou.com\/en\/interview-lautredou-peintre\/","og_locale":"en_GB","og_type":"article","og_title":"Interview au Canada - LAUTR\u00e9DOU - Artiste peintre, peinture asbtraite","og_description":"D\u00e9couvrez Jean-Yves LAUTR\u00e9DOU, artiste peintre, \u00e0 travers une interview introspective r\u00e9alis\u00e9e par Michele Andree en 2011, au Canada.","og_url":"https:\/\/www.lautredou.com\/en\/interview-lautredou-peintre\/","og_site_name":"LAUTR\u00e9DOU Jean-Yves","article_published_time":"2011-07-16T15:28:29+00:00","article_modified_time":"2020-04-18T09:28:40+00:00","og_image":[{"width":280,"height":280,"url":"https:\/\/www.lautredou.com\/wp-content\/uploads\/2020\/04\/lautredou-interview-canada.jpg","type":"image\/jpeg"}],"author":"Maszewski","twitter_card":"summary_large_image","twitter_misc":{"Written by":"Maszewski","Estimated reading time":"4 minutes"},"schema":{"@context":"https:\/\/schema.org","@graph":[{"@type":"Article","@id":"https:\/\/www.lautredou.com\/interview-lautredou-peintre\/#article","isPartOf":{"@id":"https:\/\/www.lautredou.com\/interview-lautredou-peintre\/"},"author":{"name":"Maszewski","@id":"https:\/\/www.lautredou.com\/#\/schema\/person\/7a8649afbec73fa5d9667876127f92dc"},"headline":"Interview au Canada","datePublished":"2011-07-16T15:28:29+00:00","dateModified":"2020-04-18T09:28:40+00:00","mainEntityOfPage":{"@id":"https:\/\/www.lautredou.com\/interview-lautredou-peintre\/"},"wordCount":714,"commentCount":0,"articleSection":["Actualit\u00e9","Interviews"],"inLanguage":"en-GB","potentialAction":[{"@type":"CommentAction","name":"Comment","target":["https:\/\/www.lautredou.com\/interview-lautredou-peintre\/#respond"]}]},{"@type":"WebPage","@id":"https:\/\/www.lautredou.com\/interview-lautredou-peintre\/","url":"https:\/\/www.lautredou.com\/interview-lautredou-peintre\/","name":"Interview au Canada - LAUTR\u00e9DOU - Artiste peintre, peinture asbtraite","isPartOf":{"@id":"https:\/\/www.lautredou.com\/#website"},"datePublished":"2011-07-16T15:28:29+00:00","dateModified":"2020-04-18T09:28:40+00:00","author":{"@id":"https:\/\/www.lautredou.com\/#\/schema\/person\/7a8649afbec73fa5d9667876127f92dc"},"description":"D\u00e9couvrez Jean-Yves LAUTR\u00e9DOU, artiste peintre, \u00e0 travers une interview introspective r\u00e9alis\u00e9e par Michele Andree en 2011, au Canada.","breadcrumb":{"@id":"https:\/\/www.lautredou.com\/interview-lautredou-peintre\/#breadcrumb"},"inLanguage":"en-GB","potentialAction":[{"@type":"ReadAction","target":["https:\/\/www.lautredou.com\/interview-lautredou-peintre\/"]}]},{"@type":"BreadcrumbList","@id":"https:\/\/www.lautredou.com\/interview-lautredou-peintre\/#breadcrumb","itemListElement":[{"@type":"ListItem","position":1,"name":"Accueil","item":"https:\/\/www.lautredou.com\/"},{"@type":"ListItem","position":2,"name":"Interview au Canada"}]},{"@type":"WebSite","@id":"https:\/\/www.lautredou.com\/#website","url":"https:\/\/www.lautredou.com\/","name":"LAUTR\u00e9DOU Jean-Yves","description":"Painter","potentialAction":[{"@type":"SearchAction","target":{"@type":"EntryPoint","urlTemplate":"https:\/\/www.lautredou.com\/?s={search_term_string}"},"query-input":{"@type":"PropertyValueSpecification","valueRequired":true,"valueName":"search_term_string"}}],"inLanguage":"en-GB"},{"@type":"Person","@id":"https:\/\/www.lautredou.com\/#\/schema\/person\/7a8649afbec73fa5d9667876127f92dc","name":"Maszewski","image":{"@type":"ImageObject","inLanguage":"en-GB","@id":"https:\/\/secure.gravatar.com\/avatar\/1689cc65926f21191ed19f81f8627873d6adce09bf58bffa3ca3e0b9a364ca91?s=96&d=mm&r=g","url":"https:\/\/secure.gravatar.com\/avatar\/1689cc65926f21191ed19f81f8627873d6adce09bf58bffa3ca3e0b9a364ca91?s=96&d=mm&r=g","contentUrl":"https:\/\/secure.gravatar.com\/avatar\/1689cc65926f21191ed19f81f8627873d6adce09bf58bffa3ca3e0b9a364ca91?s=96&d=mm&r=g","caption":"Maszewski"},"url":"https:\/\/www.lautredou.com\/en\/author\/ddm3\/"}]}},"builder_content":"<a href=\"http:\/\/www.michele-andree-unblugged.com\/jean-yves-lautredous-magical-worlds\" target=\"_blank\" rel=\"noopener\"> Retrouvez l'article original ici <\/a>","_links":{"self":[{"href":"https:\/\/www.lautredou.com\/en\/wp-json\/wp\/v2\/posts\/549","targetHints":{"allow":["GET"]}}],"collection":[{"href":"https:\/\/www.lautredou.com\/en\/wp-json\/wp\/v2\/posts"}],"about":[{"href":"https:\/\/www.lautredou.com\/en\/wp-json\/wp\/v2\/types\/post"}],"author":[{"embeddable":true,"href":"https:\/\/www.lautredou.com\/en\/wp-json\/wp\/v2\/users\/1"}],"replies":[{"embeddable":true,"href":"https:\/\/www.lautredou.com\/en\/wp-json\/wp\/v2\/comments?post=549"}],"version-history":[{"count":0,"href":"https:\/\/www.lautredou.com\/en\/wp-json\/wp\/v2\/posts\/549\/revisions"}],"wp:attachment":[{"href":"https:\/\/www.lautredou.com\/en\/wp-json\/wp\/v2\/media?parent=549"}],"wp:term":[{"taxonomy":"category","embeddable":true,"href":"https:\/\/www.lautredou.com\/en\/wp-json\/wp\/v2\/categories?post=549"},{"taxonomy":"post_tag","embeddable":true,"href":"https:\/\/www.lautredou.com\/en\/wp-json\/wp\/v2\/tags?post=549"}],"curies":[{"name":"wp","href":"https:\/\/api.w.org\/{rel}","templated":true}]}}